{"id":254057,"date":"2025-12-02T15:57:07","date_gmt":"2025-12-02T18:57:07","guid":{"rendered":"https:\/\/www.fundaciontierraaustral.cl\/?p=254057"},"modified":"2025-12-02T15:57:09","modified_gmt":"2025-12-02T18:57:09","slug":"columna-la-conservacion-como-impacto","status":"publish","type":"post","link":"https:\/\/www.fundaciontierraaustral.cl\/eng\/columna-la-conservacion-como-impacto\/","title":{"rendered":"COLUMNA | La conservaci\u00f3n como (im)pacto"},"content":{"rendered":"<p>El <strong>Derecho Real de Conservaci\u00f3n (DRC)<\/strong> naci\u00f3 hace una d\u00e9cada como una herramienta legal <strong>para facilitar la creaci\u00f3n de \u00e1reas protegidas privadas. Antes, Chile contaba con una \u00fanica alternativa que no se adaptaba a todas las realidades de conservaci\u00f3n<\/strong>. El DRC lleg\u00f3 para ofrecer una opci\u00f3n complementaria y flexible capaz de responder a la diversidad de proyectos y territorios.\u00a0<\/p>\n\n\n\n<p><strong>Como toda ley, enfrenta desaf\u00edos y, lamentablemente, algunos usos inadecuados que pueden distorsionar su prop\u00f3sito: promover la conservaci\u00f3n privada de la naturaleza<\/strong>. Una realidad que distintas organizaciones hemos advertido.\u00a0<\/p>\n\n\n\n<p><strong>El problema no es el DRC en s\u00ed mismo, si no quienes lo utilizan de manera tendenciosa<\/strong>, pasando por alto los Est\u00e1ndares para la Conservaci\u00f3n Privada, generados hace 5 a\u00f1os junto a As\u00ed Conserva Chile previa solicitud del Ministerio de Medio Ambiente.<\/p>\n\n\n\n<p>En su b\u00fasqueda por normar su correcta aplicaci\u00f3n, los est\u00e1ndares se\u00f1alan que los acuerdos de DRC <strong>deben regular los usos de la tierra con el objetivo de conservar su valor ecol\u00f3gico.<\/strong> Disponen que las condiciones definidas en cada acuerdo se mantengan <strong>a perpetuidad <\/strong>y que<strong> el titular sea una organizaci\u00f3n sin fines de lucro<\/strong>, libre de conflictos de inter\u00e9s y con capacidad t\u00e9cnica para garantizar su cumplimiento. En definitiva, es un pacto para cuidar la naturaleza, cuyo contrato es exigible con toda la fuerza de la Ley Chilena.\u00a0\u00a0<\/p>\n\n\n\n<p>No son, entonces, meras declaraciones de buenas intenciones: estos est\u00e1ndares convierten a los DRC en acuerdos verificables y exigibles por ley, otorgando a los titulares las atribuciones para hacer respetar las regulaciones de uso de la tierra.&nbsp;<\/p>\n\n\n\n<p>Este modelo ha sido adoptado por Fundaci\u00f3n Tierra Austral para trabajar en las quince \u00e1reas protegidas en las cuales act\u00faa como garante. <strong>El impacto es concreto: 21.600 hect\u00e1reas y m\u00e1s de 100 especies en categor\u00eda de conservaci\u00f3n cuyos h\u00e1bitats est\u00e1n siendo protegidos.<\/strong><\/p>\n\n\n\n<p>As\u00ed como estos ejemplos, existen muchos otros donde familias, comunidades y organizaciones han optado por proteger sus tierras para siempre. Ante esta realidad, <strong>m\u00e1s que descartar el DRC, debemos robustecer los mecanismos de certificaci\u00f3n de proyectos que cumplan estos requisitos<\/strong>, y avanzar en mejoras legislativas que promuevan su uso bajo estas condiciones.\u00a0<\/p>\n\n\n\n<p><strong>En un pa\u00eds donde cerca del 70% de los ecosistemas m\u00e1s amenazados est\u00e1 en manos privadas, la conservaci\u00f3n no puede depender exclusivamente del Estado<\/strong>. El DRC fortalece la contribuci\u00f3n privada. Si no es a trav\u00e9s de instrumentos como este, que articulan esfuerzos complementarios, \u00bfc\u00f3mo podremos avanzar realmente en la conservaci\u00f3n de la naturaleza en Chile? Fortalezc\u00e1moslo y hag\u00e1moslo parte de la soluci\u00f3n: la naturaleza nos espera.\u00a0<\/p>\n\n\n\n<p><em>Columna publicada en diario El Llanquihue.<\/em><\/p>","protected":false},"excerpt":{"rendered":"<p>El Derecho Real de Conservaci\u00f3n (DRC) naci\u00f3 hace una d\u00e9cada como una herramienta legal para facilitar la creaci\u00f3n de \u00e1reas protegidas privadas. Antes, Chile contaba con una \u00fanica alternativa que no se adaptaba a todas las realidades de conservaci\u00f3n. El DRC lleg\u00f3 para ofrecer una opci\u00f3n complementaria y flexible capaz de responder a la diversidad [&hellip;]<\/p>\n","protected":false},"author":3,"featured_media":254058,"comment_status":"closed","ping_status":"open","sticky":false,"template":"","format":"standard","meta":{"_et_pb_use_builder":"off","_et_pb_old_content":"","_et_gb_content_width":"","inline_featured_image":false,"footnotes":""},"categories":[1],"tags":[],"class_list":["post-254057","post","type-post","status-publish","format-standard","has-post-thumbnail","hentry","category-noticias"],"_links":{"self":[{"href":"https:\/\/www.fundaciontierraaustral.cl\/eng\/wp-json\/wp\/v2\/posts\/254057","targetHints":{"allow":["GET"]}}],"collection":[{"href":"https:\/\/www.fundaciontierraaustral.cl\/eng\/wp-json\/wp\/v2\/posts"}],"about":[{"href":"https:\/\/www.fundaciontierraaustral.cl\/eng\/wp-json\/wp\/v2\/types\/post"}],"author":[{"embeddable":true,"href":"https:\/\/www.fundaciontierraaustral.cl\/eng\/wp-json\/wp\/v2\/users\/3"}],"replies":[{"embeddable":true,"href":"https:\/\/www.fundaciontierraaustral.cl\/eng\/wp-json\/wp\/v2\/comments?post=254057"}],"version-history":[{"count":2,"href":"https:\/\/www.fundaciontierraaustral.cl\/eng\/wp-json\/wp\/v2\/posts\/254057\/revisions"}],"predecessor-version":[{"id":254060,"href":"https:\/\/www.fundaciontierraaustral.cl\/eng\/wp-json\/wp\/v2\/posts\/254057\/revisions\/254060"}],"wp:featuredmedia":[{"embeddable":true,"href":"https:\/\/www.fundaciontierraaustral.cl\/eng\/wp-json\/wp\/v2\/media\/254058"}],"wp:attachment":[{"href":"https:\/\/www.fundaciontierraaustral.cl\/eng\/wp-json\/wp\/v2\/media?parent=254057"}],"wp:term":[{"taxonomy":"category","embeddable":true,"href":"https:\/\/www.fundaciontierraaustral.cl\/eng\/wp-json\/wp\/v2\/categories?post=254057"},{"taxonomy":"post_tag","embeddable":true,"href":"https:\/\/www.fundaciontierraaustral.cl\/eng\/wp-json\/wp\/v2\/tags?post=254057"}],"curies":[{"name":"wp","href":"https:\/\/api.w.org\/{rel}","templated":true}]}}