{"id":1934,"date":"2022-02-24T12:54:53","date_gmt":"2022-02-24T15:54:53","guid":{"rendered":"https:\/\/www.fundaciontierraaustral.cl\/?p=1934"},"modified":"2025-03-13T11:28:55","modified_gmt":"2025-03-13T14:28:55","slug":"visitando-el-valle-de-cochamo-equipo-de-tierra-austral-explora-posibles-acciones-de-conservacion-en-la-zona","status":"publish","type":"post","link":"https:\/\/www.fundaciontierraaustral.cl\/eng\/visitando-el-valle-de-cochamo-equipo-de-tierra-austral-explora-posibles-acciones-de-conservacion-en-la-zona\/","title":{"rendered":"Tierra Austral team visits the Cocham\u00f3 Valley to explore possible land conservation opportunities"},"content":{"rendered":"<p>[et_pb_section fb_built=\u00bb1&#8243; _builder_version=\u00bb4.27.4&#8243; _module_preset=\u00bbdefault\u00bb background_color=\u00bb#f1f0ea\u00bb da_disable_devices=\u00bboff|off|off\u00bb global_colors_info=\u00bb{}\u00bb theme_builder_area=\u00bbpost_content\u00bb da_is_popup=\u00bboff\u00bb da_exit_intent=\u00bboff\u00bb da_has_close=\u00bbon\u00bb da_alt_close=\u00bboff\u00bb da_dark_close=\u00bboff\u00bb da_not_modal=\u00bbon\u00bb da_is_singular=\u00bboff\u00bb da_with_loader=\u00bboff\u00bb da_has_shadow=\u00bbon\u00bb][et_pb_row _builder_version=\u00bb4.27.4&#8243; _module_preset=\u00bbdefault\u00bb custom_padding=\u00bb||0px||false|false\u00bb global_colors_info=\u00bb{}\u00bb theme_builder_area=\u00bbpost_content\u00bb][et_pb_column type=\u00bb4_4&#8243; _builder_version=\u00bb4.27.4&#8243; _module_preset=\u00bbdefault\u00bb global_colors_info=\u00bb{}\u00bb theme_builder_area=\u00bbpost_content\u00bb][et_pb_text _builder_version=\u00bb4.27.4&#8243; _dynamic_attributes=\u00bbcontent\u00bb _module_preset=\u00bbdefault\u00bb text_text_color=\u00bb#161616&#8243; text_font_size=\u00bb13px\u00bb global_colors_info=\u00bb{}\u00bb theme_builder_area=\u00bbpost_content\u00bb]@ET-DC@eyJkeW5hbWljIjp0cnVlLCJjb250ZW50IjoicG9zdF9kYXRlIiwic2V0dGluZ3MiOnsiYmVmb3JlIjoiIiwiYWZ0ZXIiOiIiLCJkYXRlX2Zvcm1hdCI6ImRlZmF1bHQiLCJjdXN0b21fZGF0ZV9mb3JtYXQiOiIifX0=@[\/et_pb_text][et_pb_text _builder_version=\u00bb4.27.4&#8243; _dynamic_attributes=\u00bbcontent\u00bb _module_preset=\u00bbdefault\u00bb header_text_align=\u00bbleft\u00bb header_font_size=\u00bb46px\u00bb header_2_font=\u00bb&#8211;et_global_heading_font||||||||\u00bb header_2_text_align=\u00bbcenter\u00bb header_2_text_color=\u00bb#233428&#8243; header_2_font_size=\u00bb36px\u00bb header_2_line_height=\u00bb1.2em\u00bb module_alignment=\u00bbleft\u00bb custom_margin=\u00bb||||false|false\u00bb global_colors_info=\u00bb{}\u00bb theme_builder_area=\u00bbpost_content\u00bb]@ET-DC@eyJkeW5hbWljIjp0cnVlLCJjb250ZW50IjoicG9zdF90aXRsZSIsInNldHRpbmdzIjp7ImJlZm9yZSI6IjxoMT4iLCJhZnRlciI6IjwvaDE+In19@[\/et_pb_text][\/et_pb_column][\/et_pb_row][\/et_pb_section][et_pb_section fb_built=\u00bb1&#8243; _builder_version=\u00bb4.27.4&#8243; _module_preset=\u00bbdefault\u00bb background_color=\u00bb#fdfbf5&#8243; da_disable_devices=\u00bboff|off|off\u00bb global_colors_info=\u00bb{}\u00bb theme_builder_area=\u00bbpost_content\u00bb da_is_popup=\u00bboff\u00bb da_exit_intent=\u00bboff\u00bb da_has_close=\u00bbon\u00bb da_alt_close=\u00bboff\u00bb da_dark_close=\u00bboff\u00bb da_not_modal=\u00bbon\u00bb da_is_singular=\u00bboff\u00bb da_with_loader=\u00bboff\u00bb da_has_shadow=\u00bbon\u00bb][et_pb_row column_structure=\u00bb3_5,2_5&#8243; use_custom_gutter=\u00bbon\u00bb gutter_width=\u00bb2&#8243; _builder_version=\u00bb4.27.4&#8243; _module_preset=\u00bbdefault\u00bb global_colors_info=\u00bb{}\u00bb theme_builder_area=\u00bbpost_content\u00bb][et_pb_column type=\u00bb3_5&#8243; _builder_version=\u00bb4.27.4&#8243; _module_preset=\u00bbdefault\u00bb global_colors_info=\u00bb{}\u00bb theme_builder_area=\u00bbpost_content\u00bb][et_pb_text _builder_version=\u00bb4.27.4&#8243; _module_preset=\u00bbdefault\u00bb header_2_font=\u00bb&#8211;et_global_heading_font||||||||\u00bb header_2_text_align=\u00bbleft\u00bb header_2_text_color=\u00bb#233428&#8243; header_2_font_size=\u00bb36px\u00bb header_2_line_height=\u00bb1.2em\u00bb custom_margin=\u00bb||||false|false\u00bb global_colors_info=\u00bb{}\u00bb theme_builder_area=\u00bbpost_content\u00bb]<\/p>\n<h2>Junto a Puelo Patagonia, quienes est\u00e1n impulsando distintas acciones de conservaci\u00f3n en el \u00e1rea, visitamos la zona de La Junta.<\/h2>\n<p>[\/et_pb_text][et_pb_text _builder_version=\u00bb4.27.4&#8243; _module_preset=\u00bbdefault\u00bb text_text_color=\u00bb#161616&#8243; text_font_size=\u00bb15px\u00bb global_colors_info=\u00bb{}\u00bb theme_builder_area=\u00bbpost_content\u00bb]<\/p>\n<p>Junto a Puelo Patagonia, quienes est\u00e1n impulsando distintas acciones de conservaci\u00f3n en el \u00e1rea, visitamos la zona de La Junta, en el valle de Cocham\u00f3, Regi\u00f3n de Los Lagos, para evaluar posibles acciones de conservaci\u00f3n mediante la aplicaci\u00f3n del Derecho Real de Conservaci\u00f3n (DRC), con el fin de proteger estos ecosistemas de amenazas latentes.<\/p>\n<p>En un trabajo que reci\u00e9n comienza, seguiremos buscando espacios de colaboraci\u00f3n para proteger y conservar a largo plazo el valor ecol\u00f3gico de este lugar \u00fanico en el mundo.<\/p>\n<p>&nbsp;<\/p>\n<p>[\/et_pb_text][\/et_pb_column][et_pb_column type=\u00bb2_5&#8243; _builder_version=\u00bb4.27.4&#8243; _module_preset=\u00bbdefault\u00bb sticky_position=\u00bbtop_bottom\u00bb sticky_offset_top=\u00bb25px\u00bb sticky_limit_top=\u00bbsection\u00bb sticky_limit_bottom=\u00bbsection\u00bb sticky_position_tablet=\u00bbtop_bottom\u00bb sticky_position_phone=\u00bbnone\u00bb sticky_position_last_edited=\u00bbon|phone\u00bb global_colors_info=\u00bb{}\u00bb theme_builder_area=\u00bbpost_content\u00bb][et_pb_image src=\u00bb@ET-DC@eyJkeW5hbWljIjp0cnVlLCJjb250ZW50IjoicG9zdF9mZWF0dXJlZF9pbWFnZSIsInNldHRpbmdzIjp7fX0=@\u00bb title_text=\u00bbtierra-austral-visita-sonoma-land-trust-fundacion-tierra-austral-01-min\u00bb _builder_version=\u00bb4.27.4&#8243; _dynamic_attributes=\u00bbsrc\u00bb _module_preset=\u00bbdefault\u00bb global_colors_info=\u00bb{}\u00bb theme_builder_area=\u00bbpost_content\u00bb][\/et_pb_image][\/et_pb_column][\/et_pb_row][\/et_pb_section]<\/p>\n","protected":false},"excerpt":{"rendered":"<p>Junto a Puelo Patagonia, quienes est\u00e1n impulsando distintas acciones de conservaci\u00f3n en el \u00e1rea, visitamos la zona de La Junta.Junto a Puelo Patagonia, quienes est\u00e1n impulsando distintas acciones de conservaci\u00f3n en el \u00e1rea, visitamos la zona de La Junta, en el valle de Cocham\u00f3, Regi\u00f3n de Los Lagos, para evaluar posibles acciones de conservaci\u00f3n mediante [&hellip;]<\/p>\n","protected":false},"author":2,"featured_media":252104,"comment_status":"closed","ping_status":"closed","sticky":false,"template":"","format":"standard","meta":{"_et_pb_use_builder":"on","_et_pb_old_content":"Junto a <a href=\"https:\/\/puelopatagonia.cl\/\" target=\"_blank\" rel=\"noopener\">Puelo Patagonia<\/a>, quienes est\u00e1n impulsando distintas acciones de conservaci\u00f3n en el \u00e1rea, visitamos la zona de La Junta, en el valle de Cocham\u00f3, Regi\u00f3n de Los Lagos, para evaluar posibles acciones de conservaci\u00f3n mediante la aplicaci\u00f3n del Derecho Real de Conservaci\u00f3n (DRC), con el fin de proteger estos ecosistemas de amenazas latentes.\n\nEn un trabajo que reci\u00e9n comienza, seguiremos buscando espacios de colaboraci\u00f3n para proteger y conservar a largo plazo el valor ecol\u00f3gico de este lugar \u00fanico en el mundo.","_et_gb_content_width":"2880","inline_featured_image":false,"footnotes":""},"categories":[1],"tags":[],"class_list":["post-1934","post","type-post","status-publish","format-standard","has-post-thumbnail","hentry","category-noticias"],"_links":{"self":[{"href":"https:\/\/www.fundaciontierraaustral.cl\/eng\/wp-json\/wp\/v2\/posts\/1934","targetHints":{"allow":["GET"]}}],"collection":[{"href":"https:\/\/www.fundaciontierraaustral.cl\/eng\/wp-json\/wp\/v2\/posts"}],"about":[{"href":"https:\/\/www.fundaciontierraaustral.cl\/eng\/wp-json\/wp\/v2\/types\/post"}],"author":[{"embeddable":true,"href":"https:\/\/www.fundaciontierraaustral.cl\/eng\/wp-json\/wp\/v2\/users\/2"}],"replies":[{"embeddable":true,"href":"https:\/\/www.fundaciontierraaustral.cl\/eng\/wp-json\/wp\/v2\/comments?post=1934"}],"version-history":[{"count":3,"href":"https:\/\/www.fundaciontierraaustral.cl\/eng\/wp-json\/wp\/v2\/posts\/1934\/revisions"}],"predecessor-version":[{"id":252105,"href":"https:\/\/www.fundaciontierraaustral.cl\/eng\/wp-json\/wp\/v2\/posts\/1934\/revisions\/252105"}],"wp:featuredmedia":[{"embeddable":true,"href":"https:\/\/www.fundaciontierraaustral.cl\/eng\/wp-json\/wp\/v2\/media\/252104"}],"wp:attachment":[{"href":"https:\/\/www.fundaciontierraaustral.cl\/eng\/wp-json\/wp\/v2\/media?parent=1934"}],"wp:term":[{"taxonomy":"category","embeddable":true,"href":"https:\/\/www.fundaciontierraaustral.cl\/eng\/wp-json\/wp\/v2\/categories?post=1934"},{"taxonomy":"post_tag","embeddable":true,"href":"https:\/\/www.fundaciontierraaustral.cl\/eng\/wp-json\/wp\/v2\/tags?post=1934"}],"curies":[{"name":"wp","href":"https:\/\/api.w.org\/{rel}","templated":true}]}}