{"id":1923,"date":"2022-03-28T12:41:42","date_gmt":"2022-03-28T15:41:42","guid":{"rendered":"https:\/\/www.fundaciontierraaustral.cl\/?p=1923"},"modified":"2025-03-13T11:20:18","modified_gmt":"2025-03-13T14:20:18","slug":"monitoreo-anual-en-valle-california-tierra-austral-visita-palena-para-evaluar-estado-de-conservacion-de-area-protegida","status":"publish","type":"post","link":"https:\/\/www.fundaciontierraaustral.cl\/eng\/monitoreo-anual-en-valle-california-tierra-austral-visita-palena-para-evaluar-estado-de-conservacion-de-area-protegida\/","title":{"rendered":"Annual monitoring in Valle California: Tierra Austral visits Palena to assess the conservation status of a 3,200-ha. private protected area"},"content":{"rendered":"<p>[et_pb_section fb_built=\u00bb1&#8243; _builder_version=\u00bb4.27.4&#8243; _module_preset=\u00bbdefault\u00bb background_color=\u00bb#f1f0ea\u00bb da_disable_devices=\u00bboff|off|off\u00bb global_colors_info=\u00bb{}\u00bb theme_builder_area=\u00bbpost_content\u00bb da_is_popup=\u00bboff\u00bb da_exit_intent=\u00bboff\u00bb da_has_close=\u00bbon\u00bb da_alt_close=\u00bboff\u00bb da_dark_close=\u00bboff\u00bb da_not_modal=\u00bbon\u00bb da_is_singular=\u00bboff\u00bb da_with_loader=\u00bboff\u00bb da_has_shadow=\u00bbon\u00bb][et_pb_row _builder_version=\u00bb4.27.4&#8243; _module_preset=\u00bbdefault\u00bb custom_padding=\u00bb||0px||false|false\u00bb global_colors_info=\u00bb{}\u00bb theme_builder_area=\u00bbpost_content\u00bb][et_pb_column type=\u00bb4_4&#8243; _builder_version=\u00bb4.27.4&#8243; _module_preset=\u00bbdefault\u00bb global_colors_info=\u00bb{}\u00bb theme_builder_area=\u00bbpost_content\u00bb][et_pb_text _builder_version=\u00bb4.27.4&#8243; _dynamic_attributes=\u00bbcontent\u00bb _module_preset=\u00bbdefault\u00bb text_text_color=\u00bb#161616&#8243; text_font_size=\u00bb13px\u00bb global_colors_info=\u00bb{}\u00bb theme_builder_area=\u00bbpost_content\u00bb]@ET-DC@eyJkeW5hbWljIjp0cnVlLCJjb250ZW50IjoicG9zdF9kYXRlIiwic2V0dGluZ3MiOnsiYmVmb3JlIjoiIiwiYWZ0ZXIiOiIiLCJkYXRlX2Zvcm1hdCI6ImRlZmF1bHQiLCJjdXN0b21fZGF0ZV9mb3JtYXQiOiIifX0=@[\/et_pb_text][et_pb_text _builder_version=\u00bb4.27.4&#8243; _dynamic_attributes=\u00bbcontent\u00bb _module_preset=\u00bbdefault\u00bb header_text_align=\u00bbleft\u00bb header_font_size=\u00bb46px\u00bb header_2_font=\u00bb&#8211;et_global_heading_font||||||||\u00bb header_2_text_align=\u00bbcenter\u00bb header_2_text_color=\u00bb#233428&#8243; header_2_font_size=\u00bb36px\u00bb header_2_line_height=\u00bb1.2em\u00bb module_alignment=\u00bbleft\u00bb custom_margin=\u00bb||||false|false\u00bb global_colors_info=\u00bb{}\u00bb theme_builder_area=\u00bbpost_content\u00bb]@ET-DC@eyJkeW5hbWljIjp0cnVlLCJjb250ZW50IjoicG9zdF90aXRsZSIsInNldHRpbmdzIjp7ImJlZm9yZSI6IjxoMT4iLCJhZnRlciI6IjwvaDE+In19@[\/et_pb_text][\/et_pb_column][\/et_pb_row][\/et_pb_section][et_pb_section fb_built=\u00bb1&#8243; _builder_version=\u00bb4.27.4&#8243; _module_preset=\u00bbdefault\u00bb background_color=\u00bb#fdfbf5&#8243; da_disable_devices=\u00bboff|off|off\u00bb global_colors_info=\u00bb{}\u00bb theme_builder_area=\u00bbpost_content\u00bb da_is_popup=\u00bboff\u00bb da_exit_intent=\u00bboff\u00bb da_has_close=\u00bbon\u00bb da_alt_close=\u00bboff\u00bb da_dark_close=\u00bboff\u00bb da_not_modal=\u00bbon\u00bb da_is_singular=\u00bboff\u00bb da_with_loader=\u00bboff\u00bb da_has_shadow=\u00bbon\u00bb][et_pb_row column_structure=\u00bb3_5,2_5&#8243; use_custom_gutter=\u00bbon\u00bb gutter_width=\u00bb2&#8243; _builder_version=\u00bb4.27.4&#8243; _module_preset=\u00bbdefault\u00bb global_colors_info=\u00bb{}\u00bb theme_builder_area=\u00bbpost_content\u00bb][et_pb_column type=\u00bb3_5&#8243; _builder_version=\u00bb4.27.4&#8243; _module_preset=\u00bbdefault\u00bb global_colors_info=\u00bb{}\u00bb theme_builder_area=\u00bbpost_content\u00bb][et_pb_text _builder_version=\u00bb4.27.4&#8243; _module_preset=\u00bbdefault\u00bb header_2_font=\u00bb&#8211;et_global_heading_font||||||||\u00bb header_2_text_align=\u00bbleft\u00bb header_2_text_color=\u00bb#233428&#8243; header_2_font_size=\u00bb36px\u00bb header_2_line_height=\u00bb1.2em\u00bb custom_margin=\u00bb||||false|false\u00bb global_colors_info=\u00bb{}\u00bb theme_builder_area=\u00bbpost_content\u00bb]<\/p>\n<h2>Desde 2012, Tierra Austral ejerce el rol de garante de conservaci\u00f3n de Valle California, predio que tiene un \u00e1rea total de 3.200 hect\u00e1reas, del que m\u00e1s del 93% est\u00e1 protegido a perpetuidad.<\/h2>\n<p>[\/et_pb_text][et_pb_text _builder_version=\u00bb4.27.4&#8243; _module_preset=\u00bbdefault\u00bb text_text_color=\u00bb#161616&#8243; text_font_size=\u00bb15px\u00bb global_colors_info=\u00bb{}\u00bb theme_builder_area=\u00bbpost_content\u00bb]<\/p>\n<p>Desde 2012, Tierra Austral ejerce el rol de garante de conservaci\u00f3n de Valle California, predio que tiene un \u00e1rea total de 3.200 hect\u00e1reas, del que m\u00e1s del 93% est\u00e1 protegido a perpetuidad.<\/p>\n<p>En este contexto, realizamos el monitoreo anual del lugar, ubicado en la provincia de Palena, Regi\u00f3n de Los Lagos, para evaluar el estado de conservaci\u00f3n de esta \u00e1rea que compatibiliza la conservaci\u00f3n y protecci\u00f3n de bosques y cursos de agua, con usos tradicionales de la tierra y actividades de reforestaci\u00f3n.<\/p>\n<p>&nbsp;<\/p>\n<p>&nbsp;<\/p>\n<p>[\/et_pb_text][\/et_pb_column][et_pb_column type=\u00bb2_5&#8243; _builder_version=\u00bb4.27.4&#8243; _module_preset=\u00bbdefault\u00bb sticky_position=\u00bbtop_bottom\u00bb sticky_offset_top=\u00bb25px\u00bb sticky_limit_top=\u00bbsection\u00bb sticky_limit_bottom=\u00bbsection\u00bb sticky_position_tablet=\u00bbtop_bottom\u00bb sticky_position_phone=\u00bbnone\u00bb sticky_position_last_edited=\u00bbon|phone\u00bb global_colors_info=\u00bb{}\u00bb theme_builder_area=\u00bbpost_content\u00bb][et_pb_image src=\u00bb@ET-DC@eyJkeW5hbWljIjp0cnVlLCJjb250ZW50IjoicG9zdF9mZWF0dXJlZF9pbWFnZSIsInNldHRpbmdzIjp7fX0=@\u00bb title_text=\u00bbtierra-austral-visita-sonoma-land-trust-fundacion-tierra-austral-01-min\u00bb _builder_version=\u00bb4.27.4&#8243; _dynamic_attributes=\u00bbsrc\u00bb _module_preset=\u00bbdefault\u00bb global_colors_info=\u00bb{}\u00bb theme_builder_area=\u00bbpost_content\u00bb][\/et_pb_image][\/et_pb_column][\/et_pb_row][\/et_pb_section]<\/p>\n","protected":false},"excerpt":{"rendered":"<p>Desde 2012, Tierra Austral ejerce el rol de garante de conservaci\u00f3n de Valle California, predio que tiene un \u00e1rea total de 3.200 hect\u00e1reas, del que m\u00e1s del 93% est\u00e1 protegido a perpetuidad.Desde 2012, Tierra Austral ejerce el rol de garante de conservaci\u00f3n de Valle California, predio que tiene un \u00e1rea total de 3.200 hect\u00e1reas, del [&hellip;]<\/p>\n","protected":false},"author":2,"featured_media":1931,"comment_status":"closed","ping_status":"closed","sticky":false,"template":"","format":"standard","meta":{"_et_pb_use_builder":"on","_et_pb_old_content":"Desde 2012, Tierra Austral ejerce el rol de garante de conservaci\u00f3n de Valle California, predio que tiene un \u00e1rea total de 3.200 hect\u00e1reas, del que m\u00e1s del 93% est\u00e1 protegido a perpetuidad.\n\nEn este contexto, realizamos el monitoreo anual del lugar, ubicado en la provincia de Palena, Regi\u00f3n de Los Lagos, para evaluar el estado de conservaci\u00f3n de esta \u00e1rea que compatibiliza la conservaci\u00f3n y protecci\u00f3n de bosques y cursos de agua, con usos tradicionales de la tierra y actividades de reforestaci\u00f3n.","_et_gb_content_width":"2880","inline_featured_image":false,"footnotes":""},"categories":[1],"tags":[],"class_list":["post-1923","post","type-post","status-publish","format-standard","has-post-thumbnail","hentry","category-noticias"],"_links":{"self":[{"href":"https:\/\/www.fundaciontierraaustral.cl\/eng\/wp-json\/wp\/v2\/posts\/1923","targetHints":{"allow":["GET"]}}],"collection":[{"href":"https:\/\/www.fundaciontierraaustral.cl\/eng\/wp-json\/wp\/v2\/posts"}],"about":[{"href":"https:\/\/www.fundaciontierraaustral.cl\/eng\/wp-json\/wp\/v2\/types\/post"}],"author":[{"embeddable":true,"href":"https:\/\/www.fundaciontierraaustral.cl\/eng\/wp-json\/wp\/v2\/users\/2"}],"replies":[{"embeddable":true,"href":"https:\/\/www.fundaciontierraaustral.cl\/eng\/wp-json\/wp\/v2\/comments?post=1923"}],"version-history":[{"count":4,"href":"https:\/\/www.fundaciontierraaustral.cl\/eng\/wp-json\/wp\/v2\/posts\/1923\/revisions"}],"predecessor-version":[{"id":252097,"href":"https:\/\/www.fundaciontierraaustral.cl\/eng\/wp-json\/wp\/v2\/posts\/1923\/revisions\/252097"}],"wp:featuredmedia":[{"embeddable":true,"href":"https:\/\/www.fundaciontierraaustral.cl\/eng\/wp-json\/wp\/v2\/media\/1931"}],"wp:attachment":[{"href":"https:\/\/www.fundaciontierraaustral.cl\/eng\/wp-json\/wp\/v2\/media?parent=1923"}],"wp:term":[{"taxonomy":"category","embeddable":true,"href":"https:\/\/www.fundaciontierraaustral.cl\/eng\/wp-json\/wp\/v2\/categories?post=1923"},{"taxonomy":"post_tag","embeddable":true,"href":"https:\/\/www.fundaciontierraaustral.cl\/eng\/wp-json\/wp\/v2\/tags?post=1923"}],"curies":[{"name":"wp","href":"https:\/\/api.w.org\/{rel}","templated":true}]}}